{"id":519,"date":"2025-09-13T14:53:21","date_gmt":"2025-09-13T13:53:21","guid":{"rendered":"https:\/\/christianebrandon.com\/?p=519"},"modified":"2025-10-12T16:59:06","modified_gmt":"2025-10-12T15:59:06","slug":"alain-delon-les-vies-dun-homme-libre","status":"publish","type":"post","link":"https:\/\/christianebrandon.com\/index.php\/2025\/09\/13\/alain-delon-les-vies-dun-homme-libre\/","title":{"rendered":"ALAIN DELON : LES VIES D&rsquo;UN HOMME LIBRE"},"content":{"rendered":"\n<p class=\"has-black-color has-text-color has-link-color has-medium-font-size wp-elements-1 wp-block-paragraph\">Je suis tr\u00e8s heureuse de vous informer que je serai pr\u00e9sente pour le vernissage de la nouvelle exposition au Domaine de Jean-Claude Brialy \u00e0 Monthyon :<\/p>\n\n\n\n<div style=\"height:24px\" aria-hidden=\"true\" class=\"wp-block-spacer\"><\/div>\n\n\n\n<p class=\"has-black-color has-text-color has-link-color has-medium-font-size wp-elements-2 wp-block-paragraph\"><strong>ALAIN DELON : LES VIES D&rsquo;UN HOMME LIBRE<\/strong><\/p>\n\n\n\n<p class=\"has-black-color has-text-color has-link-color has-medium-font-size wp-elements-3 wp-block-paragraph\"><strong>Samedi 20 septembre 2025 \u00e0 18h00<\/strong><\/p>\n\n\n\n<div style=\"height:24px\" aria-hidden=\"true\" class=\"wp-block-spacer\"><\/div>\n\n\n\n<p class=\"has-black-color has-text-color has-link-color has-medium-font-size wp-elements-4 wp-block-paragraph\">Cette exposition in\u00e9dite, accueillie au Domaine de Jean-Claude Brialy \u2013 Maison des Illustres, con\u00e7ue par le commissaire Luc Larriba, explore les multiples facettes d\u2019Alain Delon : acteur magn\u00e9tique, producteur audacieux, collectionneur passionn\u00e9, homme d\u2019affaires visionnaire. Pr\u00e8s de cent films, des r\u00f4les inoubliables, mais aussi un regard singulier sur l\u2019art et la vie.<\/p>\n\n\n\n<p class=\"has-black-color has-text-color has-link-color has-medium-font-size wp-elements-5 wp-block-paragraph\">En dialogue avec Jean-Claude Brialy, ami fid\u00e8le et h\u00f4te de Monthyon, l\u2019exposition d\u00e9ploie un parcours original : archives rares, films de famille, affiches, objets personnels, extraits de presse. Elle montre un Delon \u00e0 la fois public et secret, entre ombre et lumi\u00e8re, libert\u00e9 et exigence.<\/p>\n\n\n\n<p class=\"has-black-color has-text-color has-link-color has-medium-font-size wp-elements-6 wp-block-paragraph\">Autant de traces d\u2019une vie \u00e0 la fois publique et secr\u00e8te que l&rsquo;on peut retrouver dans ma biographie que je pr\u00e9senterai lors de ce vernissage.<\/p>\n\n\n\n<p class=\"has-black-color has-text-color has-link-color has-medium-font-size wp-elements-7 wp-block-paragraph\">Plus qu\u2019une r\u00e9trospective, c\u2019est un hommage vibrant, un dialogue entre deux destins crois\u00e9s : celui d\u2019Alain Delon et celui de Jean-Claude Brialy, dont la rencontre d\u00e9cisive \u00e0 Cannes en 1957 scella une amiti\u00e9 de toujours.<\/p>\n\n\n\n<div style=\"height:37px\" aria-hidden=\"true\" class=\"wp-block-spacer\"><\/div>\n\n\n<div class=\"wp-block-image\">\n<figure class=\"aligncenter size-large is-resized\"><img loading=\"lazy\" decoding=\"async\" width=\"731\" height=\"1024\" src=\"https:\/\/christianebrandon.com\/wp-content\/uploads\/2025\/09\/1000016882-731x1024.jpg\" alt=\"\" class=\"wp-image-520\" style=\"width:563px;height:auto\" srcset=\"https:\/\/christianebrandon.com\/wp-content\/uploads\/2025\/09\/1000016882-731x1024.jpg 731w, https:\/\/christianebrandon.com\/wp-content\/uploads\/2025\/09\/1000016882-214x300.jpg 214w, https:\/\/christianebrandon.com\/wp-content\/uploads\/2025\/09\/1000016882-768x1075.jpg 768w, https:\/\/christianebrandon.com\/wp-content\/uploads\/2025\/09\/1000016882-1097x1536.jpg 1097w, https:\/\/christianebrandon.com\/wp-content\/uploads\/2025\/09\/1000016882-1140x1596.jpg 1140w, https:\/\/christianebrandon.com\/wp-content\/uploads\/2025\/09\/1000016882.jpg 1320w\" sizes=\"auto, (max-width: 731px) 100vw, 731px\" \/><\/figure>\n<\/div>\n\n\n<div style=\"height:37px\" aria-hidden=\"true\" class=\"wp-block-spacer\"><\/div>\n\n\n\n<p class=\"has-black-color has-text-color has-link-color has-medium-font-size wp-elements-8 wp-block-paragraph\">Le parcours du visiteur r\u00e9v\u00e9lera les multiples facettes de l\u2019acteur et de l\u2019homme :<\/p>\n\n\n\n<p class=\"has-black-color has-text-color has-link-color has-medium-font-size wp-elements-9 wp-block-paragraph\">\u2022 Ses d\u00e9buts aupr\u00e8s de Brialy et Romy Schneider,<\/p>\n\n\n\n<p class=\"has-black-color has-text-color has-link-color has-medium-font-size wp-elements-10 wp-block-paragraph\">\u2022 Ses amiti\u00e9s fid\u00e8les avec Belmondo, Ventura, Marais ou Jeanne Moreau,<\/p>\n\n\n\n<p class=\"has-black-color has-text-color has-link-color has-medium-font-size wp-elements-11 wp-block-paragraph\">\u2022 Ses r\u00f4les marquants de Plein Soleil \u00e0 Flic Story,<\/p>\n\n\n\n<p class=\"has-black-color has-text-color has-link-color has-medium-font-size wp-elements-12 wp-block-paragraph\">\u2022 Son audace de producteur, son go\u00fbt des arts et des affaires,<\/p>\n\n\n\n<p class=\"has-black-color has-text-color has-link-color has-medium-font-size wp-elements-13 wp-block-paragraph\">\u2022 Et ses moments partag\u00e9s \u00e0 Monthyon, notamment lors du tournage mythique du Cercle Rouge de Jean-Pierre Melville en 1970.<\/p>\n\n\n\n<p class=\"has-black-color has-text-color has-link-color has-medium-font-size wp-elements-14 wp-block-paragraph\">Vernissage ouvert \u00e0 toutes et \u00e0 tous.<\/p>\n\n\n\n<div style=\"height:42px\" aria-hidden=\"true\" class=\"wp-block-spacer\"><\/div>\n\n\n\n<h3 class=\"wp-block-heading has-medium-font-size\"><strong>Localisation :<\/strong><\/h3>\n\n\n\n<p class=\"has-black-color has-text-color has-link-color has-medium-font-size wp-elements-15 wp-block-paragraph\">Domaine de Jean-Claude Brialy<\/p>\n\n\n\n<p class=\"has-black-color has-text-color has-link-color has-medium-font-size wp-elements-16 wp-block-paragraph\">1 rue Thiers<\/p>\n\n\n\n<p class=\"has-black-color has-text-color has-link-color has-medium-font-size wp-elements-17 wp-block-paragraph\">77390 Monthyon<\/p>\n\n\n\n<div style=\"height:47px\" aria-hidden=\"true\" class=\"wp-block-spacer\"><\/div>\n\n\n\n<h3 class=\"wp-block-heading has-medium-font-size\"><strong>Renseignements :<\/strong><\/h3>\n\n\n\n<p class=\"has-black-color has-text-color has-link-color has-medium-font-size wp-elements-18 wp-block-paragraph\">Meaux-Marne-Ourcq Tourisme<\/p>\n\n\n\n<p class=\"has-black-color has-text-color has-link-color has-medium-font-size wp-elements-19 wp-block-paragraph\">01 64 33 02 26<\/p>\n\n\n\n<p class=\"has-black-color has-text-color has-link-color has-medium-font-size wp-elements-20 wp-block-paragraph\"><a href=\"http:\/\/www.meaux-marne-ourcq.com\/\" rel=\"noreferrer noopener\" target=\"_blank\">www.meaux-marne-ourcq.com<\/a><\/p>\n\n\n\n<div style=\"height:41px\" aria-hidden=\"true\" class=\"wp-block-spacer\"><\/div>\n\n\n\n<p class=\"has-black-color has-text-color has-link-color has-medium-font-size wp-elements-21 wp-block-paragraph\"><strong>Exposition visible du 20 septembre 2025 au 31 octobre 2026<\/strong><\/p>\n\n\n\n<p class=\"has-black-color has-text-color has-link-color has-medium-font-size wp-elements-22 wp-block-paragraph\"><em>(Fermeture temporaire entre le 1er novembre 2025 et le 31 mars 2026)<\/em><\/p>\n\n\n\n<figure class=\"wp-block-image size-large\"><img loading=\"lazy\" decoding=\"async\" width=\"1024\" height=\"481\" src=\"https:\/\/christianebrandon.com\/wp-content\/uploads\/2025\/09\/1000016883-1024x481.jpg\" alt=\"\" class=\"wp-image-521\" srcset=\"https:\/\/christianebrandon.com\/wp-content\/uploads\/2025\/09\/1000016883-1024x481.jpg 1024w, https:\/\/christianebrandon.com\/wp-content\/uploads\/2025\/09\/1000016883-300x141.jpg 300w, https:\/\/christianebrandon.com\/wp-content\/uploads\/2025\/09\/1000016883-768x361.jpg 768w, https:\/\/christianebrandon.com\/wp-content\/uploads\/2025\/09\/1000016883-1536x722.jpg 1536w, https:\/\/christianebrandon.com\/wp-content\/uploads\/2025\/09\/1000016883-2048x962.jpg 2048w, https:\/\/christianebrandon.com\/wp-content\/uploads\/2025\/09\/1000016883-1140x536.jpg 1140w\" sizes=\"auto, (max-width: 1024px) 100vw, 1024px\" \/><\/figure>\n\n\n\n<p class=\"wp-block-paragraph\"><\/p>\n","protected":false},"excerpt":{"rendered":"<p>Je suis tr\u00e8s heureuse de vous informer que je serai pr\u00e9sente pour le vernissage de la nouvelle exposition au Domaine de Jean-Claude Brialy \u00e0 Monthyon : ALAIN DELON : LES VIES D&rsquo;UN HOMME LIBRE Samedi 20 septembre 2025 \u00e0 18h00 Cette exposition in\u00e9dite, accueillie au Domaine de Jean-Claude Brialy \u2013 Maison des Illustres, con\u00e7ue par le commissaire Luc Larriba, explore les multiples facettes d\u2019Alain Delon : acteur magn\u00e9tique, producteur audacieux, collectionneur passionn\u00e9, homme d\u2019affaires visionnaire. Pr\u00e8s de cent films, des r\u00f4les inoubliables, mais aussi un regard singulier sur l\u2019art et la vie. En dialogue avec Jean-Claude Brialy, ami fid\u00e8le et h\u00f4te de Monthyon, l\u2019exposition d\u00e9ploie un parcours original : archives rares, films de famille, affiches, objets personnels, extraits de presse. Elle montre un Delon \u00e0 la fois public et secret, entre ombre et lumi\u00e8re, libert\u00e9 et exigence. Autant de traces d\u2019une vie \u00e0 la fois publique et secr\u00e8te que l&rsquo;on peut retrouver dans ma biographie que je pr\u00e9senterai lors de ce vernissage. Plus qu\u2019une r\u00e9trospective, c\u2019est un hommage vibrant, un dialogue entre deux destins crois\u00e9s : celui d\u2019Alain Delon et celui de Jean-Claude Brialy, dont la rencontre d\u00e9cisive \u00e0 Cannes en 1957 scella une amiti\u00e9 de toujours. Le parcours du visiteur r\u00e9v\u00e9lera les multiples facettes de l\u2019acteur et de l\u2019homme : \u2022 Ses d\u00e9buts aupr\u00e8s de Brialy et Romy Schneider, \u2022 Ses amiti\u00e9s fid\u00e8les avec Belmondo, Ventura, Marais ou Jeanne Moreau, \u2022 Ses r\u00f4les marquants de Plein Soleil \u00e0 Flic Story, \u2022 Son audace de producteur, son go\u00fbt des arts et des affaires, \u2022 Et ses moments partag\u00e9s \u00e0 Monthyon, notamment lors du tournage mythique du Cercle Rouge de Jean-Pierre Melville en 1970. Vernissage ouvert \u00e0 toutes et \u00e0 tous. Localisation : Domaine de Jean-Claude Brialy 1 rue Thiers 77390 Monthyon Renseignements : Meaux-Marne-Ourcq Tourisme 01 64 33 02 26 www.meaux-marne-ourcq.com Exposition visible du 20 septembre 2025 au 31 octobre 2026 (Fermeture temporaire entre le 1er novembre 2025 et le 31 mars 2026)<\/p>\n","protected":false},"author":1,"featured_media":0,"comment_status":"closed","ping_status":"open","sticky":false,"template":"","format":"standard","meta":{"_monsterinsights_skip_tracking":false,"footnotes":""},"categories":[1],"tags":[],"class_list":["post-519","post","type-post","status-publish","format-standard","hentry","category-uncategorized"],"aioseo_notices":[],"aioseo_head":"\n\t\t<!-- All in One SEO 5.0.1.1 - aioseo.com -->\n\t<meta name=\"description\" content=\"Je serais pr\u00e9sente pour le vernissage de l&#039;exposition au Domaine de Jean-Claude Brialy \u00e0 Monthyon : ALAIN DELON LES VIES D&#039;UN HOMME LIBRE - Samedi 20 septembre\" \/>\n\t<meta name=\"robots\" content=\"max-image-preview:large\" \/>\n\t<meta name=\"author\" content=\"brandonchristiane.64@gmail.com\"\/>\n\t<link rel=\"canonical\" href=\"https:\/\/christianebrandon.com\/index.php\/2025\/09\/13\/alain-delon-les-vies-dun-homme-libre\/\" \/>\n\t<meta name=\"generator\" content=\"All in One SEO (AIOSEO) 5.0.1.1\" \/>\n\t\t<meta property=\"og:locale\" content=\"fr_FR\" \/>\n\t\t<meta property=\"og:site_name\" content=\"Christiane Brandon - Biographe\" \/>\n\t\t<meta property=\"og:type\" content=\"article\" \/>\n\t\t<meta property=\"og:title\" content=\"ALAIN DELON : LES VIES D\u2019UN HOMME LIBRE - Christiane Brandon\" \/>\n\t\t<meta property=\"og:description\" content=\"Je serais pr\u00e9sente pour le vernissage de l&#039;exposition au Domaine de Jean-Claude Brialy \u00e0 Monthyon : ALAIN DELON LES VIES D&#039;UN HOMME LIBRE - Samedi 20 septembre\" \/>\n\t\t<meta property=\"og:url\" content=\"https:\/\/christianebrandon.com\/index.php\/2025\/09\/13\/alain-delon-les-vies-dun-homme-libre\/\" \/>\n\t\t<meta property=\"article:published_time\" content=\"2025-09-13T13:53:21+00:00\" \/>\n\t\t<meta property=\"article:modified_time\" content=\"2025-10-12T15:59:06+00:00\" \/>\n\t\t<meta property=\"article:publisher\" content=\"https:\/\/www.facebook.com\/ClocloNotreIdoleNotreTout\" \/>\n\t\t<meta name=\"twitter:card\" content=\"summary\" \/>\n\t\t<meta name=\"twitter:title\" content=\"ALAIN DELON : LES VIES D\u2019UN HOMME LIBRE - Christiane Brandon\" \/>\n\t\t<meta name=\"twitter:description\" content=\"Je serais pr\u00e9sente pour le vernissage de l&#039;exposition au Domaine de Jean-Claude Brialy \u00e0 Monthyon : ALAIN DELON LES VIES D&#039;UN HOMME LIBRE - Samedi 20 septembre\" \/>\n\t\t<script type=\"application\/ld+json\" class=\"aioseo-schema\">\n\t\t\t{\"@context\":\"https:\\\/\\\/schema.org\",\"@graph\":[{\"@type\":\"BlogPosting\",\"@id\":\"https:\\\/\\\/christianebrandon.com\\\/index.php\\\/2025\\\/09\\\/13\\\/alain-delon-les-vies-dun-homme-libre\\\/#blogposting\",\"name\":\"ALAIN DELON : LES VIES D\\u2019UN HOMME LIBRE - Christiane Brandon\",\"headline\":\"ALAIN DELON : LES VIES D&rsquo;UN HOMME LIBRE\",\"author\":{\"@id\":\"https:\\\/\\\/christianebrandon.com\\\/index.php\\\/author\\\/brandonchristiane-64gmail-com\\\/#author\"},\"publisher\":{\"@id\":\"https:\\\/\\\/christianebrandon.com\\\/#person\"},\"image\":{\"@type\":\"ImageObject\",\"url\":\"https:\\\/\\\/christianebrandon.com\\\/wp-content\\\/uploads\\\/2025\\\/09\\\/1000016882.jpg\",\"@id\":\"https:\\\/\\\/christianebrandon.com\\\/index.php\\\/2025\\\/09\\\/13\\\/alain-delon-les-vies-dun-homme-libre\\\/#articleImage\",\"width\":1320,\"height\":1848},\"datePublished\":\"2025-09-13T14:53:21+01:00\",\"dateModified\":\"2025-10-12T16:59:06+01:00\",\"inLanguage\":\"fr-FR\",\"mainEntityOfPage\":{\"@id\":\"https:\\\/\\\/christianebrandon.com\\\/index.php\\\/2025\\\/09\\\/13\\\/alain-delon-les-vies-dun-homme-libre\\\/#webpage\"},\"isPartOf\":{\"@id\":\"https:\\\/\\\/christianebrandon.com\\\/index.php\\\/2025\\\/09\\\/13\\\/alain-delon-les-vies-dun-homme-libre\\\/#webpage\"},\"articleSection\":\"Uncategorized\"},{\"@type\":\"BreadcrumbList\",\"@id\":\"https:\\\/\\\/christianebrandon.com\\\/index.php\\\/2025\\\/09\\\/13\\\/alain-delon-les-vies-dun-homme-libre\\\/#breadcrumblist\",\"itemListElement\":[{\"@type\":\"ListItem\",\"@id\":\"https:\\\/\\\/christianebrandon.com#listItem\",\"position\":1,\"name\":\"Accueil\",\"item\":\"https:\\\/\\\/christianebrandon.com\",\"nextItem\":{\"@type\":\"ListItem\",\"@id\":\"https:\\\/\\\/christianebrandon.com\\\/index.php\\\/category\\\/uncategorized\\\/#listItem\",\"name\":\"Uncategorized\"}},{\"@type\":\"ListItem\",\"@id\":\"https:\\\/\\\/christianebrandon.com\\\/index.php\\\/category\\\/uncategorized\\\/#listItem\",\"position\":2,\"name\":\"Uncategorized\",\"item\":\"https:\\\/\\\/christianebrandon.com\\\/index.php\\\/category\\\/uncategorized\\\/\",\"nextItem\":{\"@type\":\"ListItem\",\"@id\":\"https:\\\/\\\/christianebrandon.com\\\/index.php\\\/2025\\\/09\\\/13\\\/alain-delon-les-vies-dun-homme-libre\\\/#listItem\",\"name\":\"ALAIN DELON : LES VIES D&rsquo;UN HOMME LIBRE\"},\"previousItem\":{\"@type\":\"ListItem\",\"@id\":\"https:\\\/\\\/christianebrandon.com#listItem\",\"name\":\"Accueil\"}},{\"@type\":\"ListItem\",\"@id\":\"https:\\\/\\\/christianebrandon.com\\\/index.php\\\/2025\\\/09\\\/13\\\/alain-delon-les-vies-dun-homme-libre\\\/#listItem\",\"position\":3,\"name\":\"ALAIN DELON : LES VIES D&rsquo;UN HOMME LIBRE\",\"previousItem\":{\"@type\":\"ListItem\",\"@id\":\"https:\\\/\\\/christianebrandon.com\\\/index.php\\\/category\\\/uncategorized\\\/#listItem\",\"name\":\"Uncategorized\"}}]},{\"@type\":\"Person\",\"@id\":\"https:\\\/\\\/christianebrandon.com\\\/#person\",\"name\":\"Christiane Brandon\",\"image\":\"https:\\\/\\\/christianebrandon.com\\\/wp-content\\\/uploads\\\/2021\\\/03\\\/logoChristianeBrandon.png\",\"sameAs\":[\"https:\\\/\\\/www.facebook.com\\\/ClocloNotreIdoleNotreTout\",\"https:\\\/\\\/instagram.com\\\/brandonchristiane.64?igshid=YmMyMTA2M2Y=\"]},{\"@type\":\"Person\",\"@id\":\"https:\\\/\\\/christianebrandon.com\\\/index.php\\\/author\\\/brandonchristiane-64gmail-com\\\/#author\",\"url\":\"https:\\\/\\\/christianebrandon.com\\\/index.php\\\/author\\\/brandonchristiane-64gmail-com\\\/\",\"name\":\"brandonchristiane.64@gmail.com\",\"image\":{\"@type\":\"ImageObject\",\"@id\":\"https:\\\/\\\/christianebrandon.com\\\/index.php\\\/2025\\\/09\\\/13\\\/alain-delon-les-vies-dun-homme-libre\\\/#authorImage\",\"url\":\"https:\\\/\\\/secure.gravatar.com\\\/avatar\\\/32151ea2d390b0ee0644e7bdd9752d2b8cead421da5fc2c25397f43523f0f5f3?s=96&d=mm&r=g\",\"width\":96,\"height\":96,\"caption\":\"brandonchristiane.64@gmail.com\"}},{\"@type\":\"WebPage\",\"@id\":\"https:\\\/\\\/christianebrandon.com\\\/index.php\\\/2025\\\/09\\\/13\\\/alain-delon-les-vies-dun-homme-libre\\\/#webpage\",\"url\":\"https:\\\/\\\/christianebrandon.com\\\/index.php\\\/2025\\\/09\\\/13\\\/alain-delon-les-vies-dun-homme-libre\\\/\",\"name\":\"ALAIN DELON : LES VIES D\\u2019UN HOMME LIBRE - Christiane Brandon\",\"description\":\"Je serais pr\\u00e9sente pour le vernissage de l'exposition au Domaine de Jean-Claude Brialy \\u00e0 Monthyon : ALAIN DELON LES VIES D'UN HOMME LIBRE - Samedi 20 septembre\",\"inLanguage\":\"fr-FR\",\"isPartOf\":{\"@id\":\"https:\\\/\\\/christianebrandon.com\\\/#website\"},\"breadcrumb\":{\"@id\":\"https:\\\/\\\/christianebrandon.com\\\/index.php\\\/2025\\\/09\\\/13\\\/alain-delon-les-vies-dun-homme-libre\\\/#breadcrumblist\"},\"author\":{\"@id\":\"https:\\\/\\\/christianebrandon.com\\\/index.php\\\/author\\\/brandonchristiane-64gmail-com\\\/#author\"},\"creator\":{\"@id\":\"https:\\\/\\\/christianebrandon.com\\\/index.php\\\/author\\\/brandonchristiane-64gmail-com\\\/#author\"},\"datePublished\":\"2025-09-13T14:53:21+01:00\",\"dateModified\":\"2025-10-12T16:59:06+01:00\"},{\"@type\":\"WebSite\",\"@id\":\"https:\\\/\\\/christianebrandon.com\\\/#website\",\"url\":\"https:\\\/\\\/christianebrandon.com\\\/\",\"name\":\"Christiane Brandon\",\"description\":\"Biographe\",\"inLanguage\":\"fr-FR\",\"publisher\":{\"@id\":\"https:\\\/\\\/christianebrandon.com\\\/#person\"}}]}\n\t\t<\/script>\n\t\t<!-- All in One SEO -->\n\n","aioseo_head_json":{"title":"ALAIN DELON : LES VIES D\u2019UN HOMME LIBRE - Christiane Brandon","description":"Je serais pr\u00e9sente pour le vernissage de l'exposition au Domaine de Jean-Claude Brialy \u00e0 Monthyon : ALAIN DELON LES VIES D'UN HOMME LIBRE - Samedi 20 septembre","canonical_url":"https:\/\/christianebrandon.com\/index.php\/2025\/09\/13\/alain-delon-les-vies-dun-homme-libre\/","robots":"max-image-preview:large","keywords":"","webmasterTools":{"miscellaneous":""},"schema":{"@context":"https:\/\/schema.org","@graph":[{"@type":"BlogPosting","@id":"https:\/\/christianebrandon.com\/index.php\/2025\/09\/13\/alain-delon-les-vies-dun-homme-libre\/#blogposting","name":"ALAIN DELON : LES VIES D\u2019UN HOMME LIBRE - Christiane Brandon","headline":"ALAIN DELON : LES VIES D&rsquo;UN HOMME LIBRE","author":{"@id":"https:\/\/christianebrandon.com\/index.php\/author\/brandonchristiane-64gmail-com\/#author"},"publisher":{"@id":"https:\/\/christianebrandon.com\/#person"},"image":{"@type":"ImageObject","url":"https:\/\/christianebrandon.com\/wp-content\/uploads\/2025\/09\/1000016882.jpg","@id":"https:\/\/christianebrandon.com\/index.php\/2025\/09\/13\/alain-delon-les-vies-dun-homme-libre\/#articleImage","width":1320,"height":1848},"datePublished":"2025-09-13T14:53:21+01:00","dateModified":"2025-10-12T16:59:06+01:00","inLanguage":"fr-FR","mainEntityOfPage":{"@id":"https:\/\/christianebrandon.com\/index.php\/2025\/09\/13\/alain-delon-les-vies-dun-homme-libre\/#webpage"},"isPartOf":{"@id":"https:\/\/christianebrandon.com\/index.php\/2025\/09\/13\/alain-delon-les-vies-dun-homme-libre\/#webpage"},"articleSection":"Uncategorized"},{"@type":"BreadcrumbList","@id":"https:\/\/christianebrandon.com\/index.php\/2025\/09\/13\/alain-delon-les-vies-dun-homme-libre\/#breadcrumblist","itemListElement":[{"@type":"ListItem","@id":"https:\/\/christianebrandon.com#listItem","position":1,"name":"Accueil","item":"https:\/\/christianebrandon.com","nextItem":{"@type":"ListItem","@id":"https:\/\/christianebrandon.com\/index.php\/category\/uncategorized\/#listItem","name":"Uncategorized"}},{"@type":"ListItem","@id":"https:\/\/christianebrandon.com\/index.php\/category\/uncategorized\/#listItem","position":2,"name":"Uncategorized","item":"https:\/\/christianebrandon.com\/index.php\/category\/uncategorized\/","nextItem":{"@type":"ListItem","@id":"https:\/\/christianebrandon.com\/index.php\/2025\/09\/13\/alain-delon-les-vies-dun-homme-libre\/#listItem","name":"ALAIN DELON : LES VIES D&rsquo;UN HOMME LIBRE"},"previousItem":{"@type":"ListItem","@id":"https:\/\/christianebrandon.com#listItem","name":"Accueil"}},{"@type":"ListItem","@id":"https:\/\/christianebrandon.com\/index.php\/2025\/09\/13\/alain-delon-les-vies-dun-homme-libre\/#listItem","position":3,"name":"ALAIN DELON : LES VIES D&rsquo;UN HOMME LIBRE","previousItem":{"@type":"ListItem","@id":"https:\/\/christianebrandon.com\/index.php\/category\/uncategorized\/#listItem","name":"Uncategorized"}}]},{"@type":"Person","@id":"https:\/\/christianebrandon.com\/#person","name":"Christiane Brandon","image":"https:\/\/christianebrandon.com\/wp-content\/uploads\/2021\/03\/logoChristianeBrandon.png","sameAs":["https:\/\/www.facebook.com\/ClocloNotreIdoleNotreTout","https:\/\/instagram.com\/brandonchristiane.64?igshid=YmMyMTA2M2Y="]},{"@type":"Person","@id":"https:\/\/christianebrandon.com\/index.php\/author\/brandonchristiane-64gmail-com\/#author","url":"https:\/\/christianebrandon.com\/index.php\/author\/brandonchristiane-64gmail-com\/","name":"brandonchristiane.64@gmail.com","image":{"@type":"ImageObject","@id":"https:\/\/christianebrandon.com\/index.php\/2025\/09\/13\/alain-delon-les-vies-dun-homme-libre\/#authorImage","url":"https:\/\/secure.gravatar.com\/avatar\/32151ea2d390b0ee0644e7bdd9752d2b8cead421da5fc2c25397f43523f0f5f3?s=96&d=mm&r=g","width":96,"height":96,"caption":"brandonchristiane.64@gmail.com"}},{"@type":"WebPage","@id":"https:\/\/christianebrandon.com\/index.php\/2025\/09\/13\/alain-delon-les-vies-dun-homme-libre\/#webpage","url":"https:\/\/christianebrandon.com\/index.php\/2025\/09\/13\/alain-delon-les-vies-dun-homme-libre\/","name":"ALAIN DELON : LES VIES D\u2019UN HOMME LIBRE - Christiane Brandon","description":"Je serais pr\u00e9sente pour le vernissage de l'exposition au Domaine de Jean-Claude Brialy \u00e0 Monthyon : ALAIN DELON LES VIES D'UN HOMME LIBRE - Samedi 20 septembre","inLanguage":"fr-FR","isPartOf":{"@id":"https:\/\/christianebrandon.com\/#website"},"breadcrumb":{"@id":"https:\/\/christianebrandon.com\/index.php\/2025\/09\/13\/alain-delon-les-vies-dun-homme-libre\/#breadcrumblist"},"author":{"@id":"https:\/\/christianebrandon.com\/index.php\/author\/brandonchristiane-64gmail-com\/#author"},"creator":{"@id":"https:\/\/christianebrandon.com\/index.php\/author\/brandonchristiane-64gmail-com\/#author"},"datePublished":"2025-09-13T14:53:21+01:00","dateModified":"2025-10-12T16:59:06+01:00"},{"@type":"WebSite","@id":"https:\/\/christianebrandon.com\/#website","url":"https:\/\/christianebrandon.com\/","name":"Christiane Brandon","description":"Biographe","inLanguage":"fr-FR","publisher":{"@id":"https:\/\/christianebrandon.com\/#person"}}]},"og:locale":"fr_FR","og:site_name":"Christiane Brandon - Biographe","og:type":"article","og:title":"ALAIN DELON : LES VIES D\u2019UN HOMME LIBRE - Christiane Brandon","og:description":"Je serais pr\u00e9sente pour le vernissage de l'exposition au Domaine de Jean-Claude Brialy \u00e0 Monthyon : ALAIN DELON LES VIES D'UN HOMME LIBRE - Samedi 20 septembre","og:url":"https:\/\/christianebrandon.com\/index.php\/2025\/09\/13\/alain-delon-les-vies-dun-homme-libre\/","article:published_time":"2025-09-13T13:53:21+00:00","article:modified_time":"2025-10-12T15:59:06+00:00","article:publisher":"https:\/\/www.facebook.com\/ClocloNotreIdoleNotreTout","twitter:card":"summary","twitter:title":"ALAIN DELON : LES VIES D\u2019UN HOMME LIBRE - Christiane Brandon","twitter:description":"Je serais pr\u00e9sente pour le vernissage de l'exposition au Domaine de Jean-Claude Brialy \u00e0 Monthyon : ALAIN DELON LES VIES D'UN HOMME LIBRE - Samedi 20 septembre"},"aioseo_meta_data":{"post_id":"519","title":null,"description":"Je serais pr\u00e9sente pour le vernissage de l'exposition au Domaine de Jean-Claude Brialy \u00e0 Monthyon : ALAIN DELON LES VIES D'UN HOMME LIBRE - Samedi 20 septembre","keywords":null,"keyphrases":{"focus":{"keyphrase":"","score":0,"analysis":{"keyphraseInTitle":{"score":0,"maxScore":9,"error":1}}},"additional":[]},"primary_term":null,"canonical_url":null,"og_title":null,"og_description":null,"og_object_type":"default","og_image_type":"default","og_image_url":null,"og_image_width":null,"og_image_height":null,"og_image_custom_url":null,"og_image_custom_fields":null,"og_video":"","og_custom_url":null,"og_article_section":null,"og_article_tags":null,"twitter_use_og":false,"twitter_card":"default","twitter_image_type":"default","twitter_image_url":null,"twitter_image_custom_url":null,"twitter_image_custom_fields":null,"twitter_title":null,"twitter_description":null,"schema":{"blockGraphs":[],"customGraphs":[],"default":{"data":{"Article":[],"Course":[],"Dataset":[],"FAQPage":[],"Movie":[],"Person":[],"Product":[],"ProductReview":[],"Car":[],"Recipe":[],"Service":[],"SoftwareApplication":[],"WebPage":[]},"graphName":"BlogPosting","isEnabled":true},"graphs":[]},"schema_type":"default","schema_type_options":null,"pillar_content":false,"robots_default":true,"robots_noindex":false,"robots_noarchive":false,"robots_nosnippet":false,"robots_nofollow":false,"robots_noimageindex":false,"robots_noodp":false,"robots_notranslate":false,"robots_max_snippet":"-1","robots_max_videopreview":"-1","robots_max_imagepreview":"large","priority":null,"frequency":"default","local_seo":null,"breadcrumb_settings":null,"limit_modified_date":false,"ai":{"faqs":[],"keyPoints":[],"titles":[],"descriptions":[],"socialPosts":{"email":[],"linkedin":[],"twitter":[],"facebook":[],"instagram":[]}},"created":"2025-09-13 13:53:23","updated":"2025-10-12 15:59:06","seo_analyzer_scan_date":null,"focus_keyword":null,"additional_keywords":null,"truseo_locale":null},"aioseo_breadcrumb":"<div class=\"aioseo-breadcrumbs\"><span class=\"aioseo-breadcrumb\">\n\t\t\t<a href=\"https:\/\/christianebrandon.com\" title=\"Accueil\">Accueil<\/a>\n\t\t<\/span><span class=\"aioseo-breadcrumb-separator\">&raquo;<\/span><span class=\"aioseo-breadcrumb\">\n\t\t\t<a href=\"https:\/\/christianebrandon.com\/index.php\/category\/uncategorized\/\" title=\"Uncategorized\">Uncategorized<\/a>\n\t\t<\/span><span class=\"aioseo-breadcrumb-separator\">&raquo;<\/span><span class=\"aioseo-breadcrumb\">\n\t\t\tALAIN DELON : LES VIES D\u2019UN HOMME LIBRE\n\t\t<\/span><\/div>","aioseo_breadcrumb_json":[{"label":"Accueil","link":"https:\/\/christianebrandon.com"},{"label":"Uncategorized","link":"https:\/\/christianebrandon.com\/index.php\/category\/uncategorized\/"},{"label":"ALAIN DELON : LES VIES D&rsquo;UN HOMME LIBRE","link":"https:\/\/christianebrandon.com\/index.php\/2025\/09\/13\/alain-delon-les-vies-dun-homme-libre\/"}],"_links":{"self":[{"href":"https:\/\/christianebrandon.com\/index.php\/wp-json\/wp\/v2\/posts\/519","targetHints":{"allow":["GET"]}}],"collection":[{"href":"https:\/\/christianebrandon.com\/index.php\/wp-json\/wp\/v2\/posts"}],"about":[{"href":"https:\/\/christianebrandon.com\/index.php\/wp-json\/wp\/v2\/types\/post"}],"author":[{"embeddable":true,"href":"https:\/\/christianebrandon.com\/index.php\/wp-json\/wp\/v2\/users\/1"}],"replies":[{"embeddable":true,"href":"https:\/\/christianebrandon.com\/index.php\/wp-json\/wp\/v2\/comments?post=519"}],"version-history":[{"count":4,"href":"https:\/\/christianebrandon.com\/index.php\/wp-json\/wp\/v2\/posts\/519\/revisions"}],"predecessor-version":[{"id":531,"href":"https:\/\/christianebrandon.com\/index.php\/wp-json\/wp\/v2\/posts\/519\/revisions\/531"}],"wp:attachment":[{"href":"https:\/\/christianebrandon.com\/index.php\/wp-json\/wp\/v2\/media?parent=519"}],"wp:term":[{"taxonomy":"category","embeddable":true,"href":"https:\/\/christianebrandon.com\/index.php\/wp-json\/wp\/v2\/categories?post=519"},{"taxonomy":"post_tag","embeddable":true,"href":"https:\/\/christianebrandon.com\/index.php\/wp-json\/wp\/v2\/tags?post=519"}],"curies":[{"name":"wp","href":"https:\/\/api.w.org\/{rel}","templated":true}]}}