{"id":440,"date":"2023-04-02T16:37:43","date_gmt":"2023-04-02T15:37:43","guid":{"rendered":"https:\/\/christianebrandon.com\/?p=440"},"modified":"2023-04-02T16:37:44","modified_gmt":"2023-04-02T15:37:44","slug":"salon-du-livre-de-maisons-alfort-3","status":"publish","type":"post","link":"https:\/\/christianebrandon.com\/index.php\/2023\/04\/02\/salon-du-livre-de-maisons-alfort-3\/","title":{"rendered":"Salon du livre de Maisons-Alfort"},"content":{"rendered":"\n<p class=\"has-black-color has-text-color has-medium-font-size\">Je suis heureuse de vous annoncer que je serai pr\u00e9sente au salon du livre de Maisons-Alfort le samedi 15 avril 2023 de 10h \u00e0 18h. Cela se d\u00e9roulera dans la salle Saint-Gabriel, 1 rue du 8 mai 1945. L\u2019entr\u00e9e y est gratuite. Nous seront 40 auteurs \u00e0 vous attendre, je l\u2019esp\u00e8re nombreux.<\/p>\n\n\n\n<div style=\"height:62px\" aria-hidden=\"true\" class=\"wp-block-spacer\"><\/div>\n\n\n<div class=\"wp-block-image\">\n<figure class=\"aligncenter size-large\"><img loading=\"lazy\" decoding=\"async\" width=\"722\" height=\"1024\" src=\"https:\/\/christianebrandon.com\/wp-content\/uploads\/2023\/03\/Salon-du-livre-edition-du-printemps-2023-Public-722x1024.jpg\" alt=\"\" class=\"wp-image-434\" srcset=\"https:\/\/christianebrandon.com\/wp-content\/uploads\/2023\/03\/Salon-du-livre-edition-du-printemps-2023-Public-722x1024.jpg 722w, https:\/\/christianebrandon.com\/wp-content\/uploads\/2023\/03\/Salon-du-livre-edition-du-printemps-2023-Public-212x300.jpg 212w, https:\/\/christianebrandon.com\/wp-content\/uploads\/2023\/03\/Salon-du-livre-edition-du-printemps-2023-Public-768x1089.jpg 768w, https:\/\/christianebrandon.com\/wp-content\/uploads\/2023\/03\/Salon-du-livre-edition-du-printemps-2023-Public.jpg 875w\" sizes=\"auto, (max-width: 722px) 100vw, 722px\" \/><\/figure>\n<\/div>\n\n\n<div style=\"height:62px\" aria-hidden=\"true\" class=\"wp-block-spacer\"><\/div>\n","protected":false},"excerpt":{"rendered":"<p>Je suis heureuse de vous annoncer que je serai pr\u00e9sente au salon du livre de Maisons-Alfort le samedi 15 avril 2023 de 10h \u00e0 18h. Cela se d\u00e9roulera dans la salle Saint-Gabriel, 1 rue du 8 mai 1945. L\u2019entr\u00e9e y est gratuite. Nous seront 40 auteurs \u00e0 vous attendre, je l\u2019esp\u00e8re nombreux.<\/p>\n","protected":false},"author":1,"featured_media":0,"comment_status":"closed","ping_status":"open","sticky":false,"template":"","format":"standard","meta":{"_monsterinsights_skip_tracking":false,"_monsterinsights_sitenote_active":false,"_monsterinsights_sitenote_note":"","_monsterinsights_sitenote_category":0,"footnotes":""},"categories":[1],"tags":[],"class_list":["post-440","post","type-post","status-publish","format-standard","hentry","category-uncategorized"],"aioseo_notices":[],"_links":{"self":[{"href":"https:\/\/christianebrandon.com\/index.php\/wp-json\/wp\/v2\/posts\/440","targetHints":{"allow":["GET"]}}],"collection":[{"href":"https:\/\/christianebrandon.com\/index.php\/wp-json\/wp\/v2\/posts"}],"about":[{"href":"https:\/\/christianebrandon.com\/index.php\/wp-json\/wp\/v2\/types\/post"}],"author":[{"embeddable":true,"href":"https:\/\/christianebrandon.com\/index.php\/wp-json\/wp\/v2\/users\/1"}],"replies":[{"embeddable":true,"href":"https:\/\/christianebrandon.com\/index.php\/wp-json\/wp\/v2\/comments?post=440"}],"version-history":[{"count":1,"href":"https:\/\/christianebrandon.com\/index.php\/wp-json\/wp\/v2\/posts\/440\/revisions"}],"predecessor-version":[{"id":441,"href":"https:\/\/christianebrandon.com\/index.php\/wp-json\/wp\/v2\/posts\/440\/revisions\/441"}],"wp:attachment":[{"href":"https:\/\/christianebrandon.com\/index.php\/wp-json\/wp\/v2\/media?parent=440"}],"wp:term":[{"taxonomy":"category","embeddable":true,"href":"https:\/\/christianebrandon.com\/index.php\/wp-json\/wp\/v2\/categories?post=440"},{"taxonomy":"post_tag","embeddable":true,"href":"https:\/\/christianebrandon.com\/index.php\/wp-json\/wp\/v2\/tags?post=440"}],"curies":[{"name":"wp","href":"https:\/\/api.w.org\/{rel}","templated":true}]}}