{"id":380,"date":"2022-11-11T17:36:54","date_gmt":"2022-11-11T16:36:54","guid":{"rendered":"https:\/\/christianebrandon.com\/?p=380"},"modified":"2022-11-11T17:37:51","modified_gmt":"2022-11-11T16:37:51","slug":"telethon","status":"publish","type":"post","link":"https:\/\/christianebrandon.com\/index.php\/2022\/11\/11\/telethon\/","title":{"rendered":"T\u00e9l\u00e9thon"},"content":{"rendered":"\n<div style=\"height:69px\" aria-hidden=\"true\" class=\"wp-block-spacer\"><\/div>\n\n\n\n<p class=\"has-black-color has-text-color has-medium-font-size\">J&rsquo;ai le plaisir de participer \u00e0 un salon du livre qui soutient le T\u00e9l\u00e9thon. Il se tiendra le samedi 3 d\u00e9cembre 2022 de 10 \u00e0 18h \u00e0 Maisons-Alfort. J&rsquo;ai ainsi h\u00e2te de vous retrouver au centre socioculturel de la Croix des Ouches au 33 boulevard de la R\u00e9publique.<\/p>\n\n\n\n<div style=\"height:70px\" aria-hidden=\"true\" class=\"wp-block-spacer\"><\/div>\n\n\n<div class=\"wp-block-image\">\n<figure class=\"aligncenter size-large is-resized\"><img loading=\"lazy\" decoding=\"async\" src=\"https:\/\/christianebrandon.com\/wp-content\/uploads\/2022\/11\/Affiche-salon-du-livre-A4-724x1024.jpg\" alt=\"Affiche du salon du livre du 3 d\u00e9cembre 2022.\" class=\"wp-image-381\" width=\"543\" height=\"768\" srcset=\"https:\/\/christianebrandon.com\/wp-content\/uploads\/2022\/11\/Affiche-salon-du-livre-A4-724x1024.jpg 724w, https:\/\/christianebrandon.com\/wp-content\/uploads\/2022\/11\/Affiche-salon-du-livre-A4-212x300.jpg 212w, https:\/\/christianebrandon.com\/wp-content\/uploads\/2022\/11\/Affiche-salon-du-livre-A4-768x1086.jpg 768w, https:\/\/christianebrandon.com\/wp-content\/uploads\/2022\/11\/Affiche-salon-du-livre-A4-1086x1536.jpg 1086w, https:\/\/christianebrandon.com\/wp-content\/uploads\/2022\/11\/Affiche-salon-du-livre-A4-1448x2048.jpg 1448w, https:\/\/christianebrandon.com\/wp-content\/uploads\/2022\/11\/Affiche-salon-du-livre-A4-1140x1613.jpg 1140w, https:\/\/christianebrandon.com\/wp-content\/uploads\/2022\/11\/Affiche-salon-du-livre-A4.jpg 1754w\" sizes=\"auto, (max-width: 543px) 100vw, 543px\" \/><\/figure>\n<\/div>\n\n\n<div style=\"height:100px\" aria-hidden=\"true\" class=\"wp-block-spacer\"><\/div>\n","protected":false},"excerpt":{"rendered":"<p>J&rsquo;ai le plaisir de participer \u00e0 un salon du livre qui soutient le T\u00e9l\u00e9thon. Il se tiendra le samedi 3 d\u00e9cembre 2022 de 10 \u00e0 18h \u00e0 Maisons-Alfort. J&rsquo;ai ainsi h\u00e2te de vous retrouver au centre socioculturel de la Croix des Ouches au 33 boulevard de la R\u00e9publique.<\/p>\n","protected":false},"author":1,"featured_media":0,"comment_status":"closed","ping_status":"open","sticky":false,"template":"","format":"standard","meta":{"_monsterinsights_skip_tracking":false,"_monsterinsights_sitenote_active":false,"_monsterinsights_sitenote_note":"","_monsterinsights_sitenote_category":0,"footnotes":""},"categories":[1],"tags":[],"class_list":["post-380","post","type-post","status-publish","format-standard","hentry","category-uncategorized"],"aioseo_notices":[],"_links":{"self":[{"href":"https:\/\/christianebrandon.com\/index.php\/wp-json\/wp\/v2\/posts\/380","targetHints":{"allow":["GET"]}}],"collection":[{"href":"https:\/\/christianebrandon.com\/index.php\/wp-json\/wp\/v2\/posts"}],"about":[{"href":"https:\/\/christianebrandon.com\/index.php\/wp-json\/wp\/v2\/types\/post"}],"author":[{"embeddable":true,"href":"https:\/\/christianebrandon.com\/index.php\/wp-json\/wp\/v2\/users\/1"}],"replies":[{"embeddable":true,"href":"https:\/\/christianebrandon.com\/index.php\/wp-json\/wp\/v2\/comments?post=380"}],"version-history":[{"count":2,"href":"https:\/\/christianebrandon.com\/index.php\/wp-json\/wp\/v2\/posts\/380\/revisions"}],"predecessor-version":[{"id":384,"href":"https:\/\/christianebrandon.com\/index.php\/wp-json\/wp\/v2\/posts\/380\/revisions\/384"}],"wp:attachment":[{"href":"https:\/\/christianebrandon.com\/index.php\/wp-json\/wp\/v2\/media?parent=380"}],"wp:term":[{"taxonomy":"category","embeddable":true,"href":"https:\/\/christianebrandon.com\/index.php\/wp-json\/wp\/v2\/categories?post=380"},{"taxonomy":"post_tag","embeddable":true,"href":"https:\/\/christianebrandon.com\/index.php\/wp-json\/wp\/v2\/tags?post=380"}],"curies":[{"name":"wp","href":"https:\/\/api.w.org\/{rel}","templated":true}]}}